{"id":2193,"date":"2021-08-20T16:11:02","date_gmt":"2021-08-20T16:11:02","guid":{"rendered":"https:\/\/knittedinswitzerland.ch\/?p=2193"},"modified":"2021-08-20T16:11:03","modified_gmt":"2021-08-20T16:11:03","slug":"elses-estonian-lace-socks","status":"publish","type":"post","link":"https:\/\/knittedinswitzerland.ch\/?p=2193","title":{"rendered":"Else&#8217;s Estonian Lace Socks"},"content":{"rendered":"\n<p>I&#8217;ve been thinking a lot during the last few days&#8230; I don&#8217;t know about you, but the times surely feel depressing to me. Afghanistan, Haiti, Covid, Climate Change, so much hatred in the world &#8211; everything seems to be falling apart. And I&#8217;m sitting here, safely in my own home in a safe country, thinking about publishing a sock pattern. Is that right? And how safe is my country really? I&#8217;m a straight, white cis woman &#8211; but fact is, lgbtq people in Switzerland still are not allowed to marry. Woman have been allowed to vote here since 1971, in one canton even since 1991 (can you believe that?????).<br><br><em>Ich habe die letzten Tage viel nachgedacht&#8230; ich weiss nicht, wie es Dir geht, aber im Moment f\u00fchlt sich alles zum Verzweifeln an. Afghanistan, Haiti, Covid, Klimawandel, so viel Hass in der Welt &#8211; alles scheint auseinanderzufallen. Und ich sitze hier, sicher in meinem eigenen Zuhause in einem sicheren Land, und will eine Sockenanleitung ver\u00f6ffentlichen. Ist das richtig? Und wie sicher ist mein Land eigentlich wirklich? Ich bin eine heterosexuelle, weisse, cis-Frau &#8211; aber Fakt ist, Angeh\u00f6rige der LGBTQ-Gemeinschaft k\u00f6nnen in der Schweiz immer noch nicht heiraten. Frauen haben seit 1971 Wahlrecht, in einem Kanton sogar erst seit 1991 (kannst Du Dir das vorstellen?????)<\/em><br><br>We&#8217;re voting about marriage for everyone in September and I hope with all my heart that it will be a resounding yes.<br><br><em>Im September stimmen wir \u00fcber die Ehe f\u00fcr alle ab und ich hoffe von ganzem Herzen, dass es ein schallendes &#8220;JA&#8221; wird.<\/em><br><br>To make a long story short, I&#8217;ve decided that not publishing my sock pattern won&#8217;t help anyone either, and chances are that, just like me, knitting means comfort for you. And my pattern might be able to do even more &#8211; so I will donate 50 % of all proceeds to the UNHCR.<br><br><em>Lange Rede, kurzer Sinn &#8211; meine Anleitung nicht zu ver\u00f6ffentlichen hilft auch niemandem, und vielleicht geht es Dir wie mir und Stricken ist Dein Trost in schwierigen Zeiten. Und meine Anleitung kann noch mehr tun &#8211; deshalb werde ich 50 % vom Erl\u00f6s an das UN Fl\u00fcchtlingshilfswerk spenden.<\/em><br><br>If you are still with me (I hope you are \ud83d\ude42 ), Else&#8217;s Estonian Lace Socks are now available on <a href=\"https:\/\/deref-gmx.net\/mail\/client\/ToMCPAlDfmk\/dereferrer\/?redirectUrl=https%3A%2F%2Fwww.ravelry.com%2Fpatterns%2Flibrary%2Felses-estonian-lace-socks\" target=\"_blank\" rel=\"noreferrer noopener\">Ravelry<\/a> and <a href=\"https:\/\/deref-gmx.net\/mail\/client\/Kyy9QGscO30\/dereferrer\/?redirectUrl=https%3A%2F%2Fpayhip.com%2Fb%2F0xvH7\" target=\"_blank\" rel=\"noreferrer noopener\">Payhip<\/a>. The paid pattern in my store has three sizes and two heel options to ensure they fit you perfectly. Right now, the instructions are for a cuff down version. Toe up will be added in September.<br><br><em>Falls Du bis hierher durchgehalten hast (ich hoffe, Du hast es \ud83d\ude42 ), Else&#8217;s Estonian Lace Socks sind jetzt bei <a href=\"https:\/\/deref-gmx.net\/mail\/client\/ToMCPAlDfmk\/dereferrer\/?redirectUrl=https%3A%2F%2Fwww.ravelry.com%2Fpatterns%2Flibrary%2Felses-estonian-lace-socks\" target=\"_blank\" rel=\"noreferrer noopener\">Ravelry<\/a> und <a href=\"https:\/\/deref-gmx.net\/mail\/client\/Kyy9QGscO30\/dereferrer\/?redirectUrl=https%3A%2F%2Fpayhip.com%2Fb%2F0xvH7\" target=\"_blank\" rel=\"noreferrer noopener\">Payhip<\/a> verf\u00fcgbar. Die Kaufanleitung in meinem Shop hat drei Gr\u00f6ssen und zwei Fersenvarianten, damit sie Dir garantiert perfekt passen. Im Moment ist die Anleitung f\u00fcr eine Cuff down (vom B\u00fcndchen her gestrickte) Socke, im September f\u00fcge ich noch eine Toe up (von der Spitze her gestrickte Socke) hinzu.<\/em><br><\/p>\n\n\n\n<figure class=\"wp-block-image\"><img decoding=\"async\" src=\"https:\/\/mcusercontent.com\/366109a79d746545527feb4fb\/_compresseds\/9593a41a-9dbe-d049-581a-7d84576f39f6.jpg\" alt=\"\"\/><\/figure>\n\n\n\n<p>The pattern features an easy lace pattern &#8211; not too hard, but still interesting enough to maybe keep your mind from wandering to places you don&#8217;t want to be right now.<br><br><em>Die Anleitung wird in einem einfachen Lacemuster gestrickt &#8211; nicht zu schwierig, aber interessant genug, dass Deine Gedanken nicht irgendwo hinwandern, wo Du sie gerade nicht haben willst.<\/em><\/p>\n\n\n\n<p>Until August 27th, end of day, the pattern is 25 % off with the coupon code Else25.<\/p>\n\n\n\n<p><em>Bis zum 27.8. gibt es di<\/em>e <em>Anleitung mit 25 % Rabatt mit dem Couponcode Else25!<\/em><\/p>\n\n\n\n<p><\/p>\n","protected":false},"excerpt":{"rendered":"<p>I&#8217;ve been thinking a lot during the last few days&#8230; I don&#8217;t know about you, but the times surely feel depressing to me. Afghanistan, Haiti, Covid, Climate Change, so much hatred in the world &#8211; everything seems to be falling apart. And I&#8217;m sitting here, safely in my own home in a safe country, thinking &hellip;<\/p>\n<p class=\"read-more\"> <a class=\"\" href=\"https:\/\/knittedinswitzerland.ch\/?p=2193\"> <span class=\"screen-reader-text\">Else&#8217;s Estonian Lace Socks<\/span> Read More &raquo;<\/a><\/p>\n","protected":false},"author":1,"featured_media":0,"comment_status":"open","ping_status":"closed","sticky":false,"template":"","format":"standard","meta":{"site-sidebar-layout":"default","site-content-layout":"default","ast-global-header-display":"","ast-main-header-display":"","ast-hfb-above-header-display":"","ast-hfb-below-header-display":"","ast-hfb-mobile-header-display":"","site-post-title":"","ast-breadcrumbs-content":"","ast-featured-img":"","footer-sml-layout":"","theme-transparent-header-meta":"default","adv-header-id-meta":"","stick-header-meta":"","header-above-stick-meta":"","header-main-stick-meta":"","header-below-stick-meta":""},"categories":[1],"tags":[],"_links":{"self":[{"href":"https:\/\/knittedinswitzerland.ch\/index.php?rest_route=\/wp\/v2\/posts\/2193"}],"collection":[{"href":"https:\/\/knittedinswitzerland.ch\/index.php?rest_route=\/wp\/v2\/posts"}],"about":[{"href":"https:\/\/knittedinswitzerland.ch\/index.php?rest_route=\/wp\/v2\/types\/post"}],"author":[{"embeddable":true,"href":"https:\/\/knittedinswitzerland.ch\/index.php?rest_route=\/wp\/v2\/users\/1"}],"replies":[{"embeddable":true,"href":"https:\/\/knittedinswitzerland.ch\/index.php?rest_route=%2Fwp%2Fv2%2Fcomments&post=2193"}],"version-history":[{"count":1,"href":"https:\/\/knittedinswitzerland.ch\/index.php?rest_route=\/wp\/v2\/posts\/2193\/revisions"}],"predecessor-version":[{"id":2194,"href":"https:\/\/knittedinswitzerland.ch\/index.php?rest_route=\/wp\/v2\/posts\/2193\/revisions\/2194"}],"wp:attachment":[{"href":"https:\/\/knittedinswitzerland.ch\/index.php?rest_route=%2Fwp%2Fv2%2Fmedia&parent=2193"}],"wp:term":[{"taxonomy":"category","embeddable":true,"href":"https:\/\/knittedinswitzerland.ch\/index.php?rest_route=%2Fwp%2Fv2%2Fcategories&post=2193"},{"taxonomy":"post_tag","embeddable":true,"href":"https:\/\/knittedinswitzerland.ch\/index.php?rest_route=%2Fwp%2Fv2%2Ftags&post=2193"}],"curies":[{"name":"wp","href":"https:\/\/api.w.org\/{rel}","templated":true}]}}